{"id":1997,"date":"2025-04-17T14:25:35","date_gmt":"2025-04-17T12:25:35","guid":{"rendered":"https:\/\/www.nordharz.net\/elternhilfewp\/?p=1997"},"modified":"2025-04-17T14:25:35","modified_gmt":"2025-04-17T12:25:35","slug":"1-kronkorkensammeltag-ein-toller-erfolg1-kronkorkensammeltag-ein-toller-erfolg","status":"publish","type":"post","link":"https:\/\/www.nordharz.net\/elternhilfewp\/1-kronkorkensammeltag-ein-toller-erfolg1-kronkorkensammeltag-ein-toller-erfolg\/","title":{"rendered":"1. Kronkorkensammeltag \u2013 ein toller Erfolg"},"content":{"rendered":"<div class=\"wpb-content-wrapper\">[vc_row][vc_column width=&#8220;2\/3&#8243;][vc_column_text css=&#8220;&#8220;]Das Aktionsteam f\u00fcr das Elternhaus G\u00f6ttingen aus Goslar engagiert sich seit 2006 f\u00fcr das Elternhaus in G\u00f6ttingen. Schon 2015 entstand die Idee, damals im real,- Goslar, Kronkorken zu sammeln. Diese Idee konnte seinerzeit nicht realisiert werden.<\/p>\n<p>Anders nun: Im letzten Jahr schlug Tobi Tippe bei meinem Spendendosenabholtermin in der B\u00e4ckerei St\u00fcbig, Caf\u00e9 am Fliegerhorst vor, doch gemeinsam Kronkorken zu sammeln. Die Umsetzung der Idee war nicht ganz einfach. F\u00fcr die Zwischenlagerung bis zur Umsetzung stellte Herr Tippe einen Streugutbeh\u00e4lter auf seinem Firmengel\u00e4nde zur Verf\u00fcgung. Aber auch der war bald voll. Als die Bekanntmachung unserer Aktion in der Presse und unser Termin f\u00fcr den 15. M\u00e4rz feststand, klingelte sofort klingelte das Telefon. Unterst\u00fctzung von Gruppen und Vereinen wurde zugesagt und auch gleich die ersten seit Jahren gef\u00fcllten S\u00e4cke und T\u00fcten vorbeigebracht.<\/p>\n<p>Einige \u201eGro\u00dfspender\u201c hatten am Aktionstag keine Zeit und konnten die Kronkorken bereits einen Tag zuvor bringen&#8230;<br \/>\nHerr Christoph Kunze hatte einen Transporter beladen mit S\u00e4cken und Kisten voller Kronkorken. Seit 20 Jahren wurden in der Turnabteilung und Freibad VfL Oker gesammelt. F\u00fcr die zuk\u00fcnftige Sammlung im Freibad wurde bereits extra eine Tonne geordert.<br \/>\nDer Gartenverein Tweele und andere kamen auch schon am Freitag.<\/p>\n<p>Der Samstag begann mit einem bangen Blick zum Himmel. Es war sehr kalt und tr\u00fcbe. Nach einigen Schneeflocken gab es keinen weiteren Niederschlag und der Sammeltag konnte beginnen. Die ganze Zeit \u00fcber kamen Gro\u00df- und Kleinspender, sogar aus dem Oberharz und dem ganzen Umkreis. Wir erhielten sogar Kronkorken aus Einbeck. Die fr\u00fcher vorhandene Sammelstelle gibt es seit einigen Jahren nicht mehr, davon profitiert nun unsere Aktion.<\/p>\n<p>Besonders erstaunt waren wir von den Sammelleistungen aus Oker und Schlewecke.<br \/>\nFrau Anja Voges brachte die gesammelten Kronkorken aus nur vier Wochen aus den beiden Okeraner Apotheken und den Kitas. Es waren so viele, dass ihr eigener PKW nicht ausreichte und sie einen gr\u00f6\u00dferen nehmen musste. Frau Voges erkl\u00e4rt, dass sich in Zukunft alle 17 evangelischen Kitas aus dem Probsteiverband Braunschweiger Land an der Kronkorkensammelaktion beteiligen werden.<\/p>\n<p>Von der ev. Kirchengemeinde Schlewecke &#8211; G\u00f6ttingerode kam Herr Heiko G\u00f6decke. Die Gemeindemitglieder wurden in der Presse und im Gemeindebrief Fr\u00fchjahr 2025 \u00fcber die Aktion informiert, um Teilnahme gebeten. Das Ergebnis: auch sein PKW war bis unter das Dach vollgestopft, einfach der Hammer. Auch die Kirchengemeinde sammelt weiter.<\/p>\n<p>Wir haben uns \u00fcber jede Spende, egal ob klein oder gro\u00df, sehr gefreut. DANKE allen!<\/p>\n<p>Doch nicht nur das Sammeln war uns wichtig. Tobi Tippe hat Bratw\u00fcrste gegrillt und dazu gab es Kaffee und Tee.<\/p>\n<p>Das Angebot eines kleinen Imbisses wurde gern genutzt und wundervolle Gespr\u00e4che gef\u00fchrt. Denn das ist uns bei jeder Aktion neben der Spendengenerierung wichtig: einen guten Kontakt, Gespr\u00e4che mit allen, die zu uns kommen.<\/p>\n<p>Imkerin Meike Siebert spendete kleine Honigkuchen, die wie zu den Adventscaf\u00e9s verkauft wurden. Bei dem Wetter eine herrliche Leckerei zum Kaffee.<\/p>\n<p>Bereits bei der Ank\u00fcndigung informierten wir, dass dieses der erste Sammeltermin ist und wir die Aktion als Dauerbrenner verstehen. Die Zeiten der Sch\u00fctzenfeste, Fu\u00dfballspiele, Vereinsfeste usw. kommt ja erst. Da fallen noch mal enorm viele Kronkorken an \u2013 und hierf\u00fcr haben sich bereits zus\u00e4tzliche \u201eSammelgruppen\u201c gemeldet.<\/p>\n<p>Jeder kann jederzeit sammeln und uns die Kronkorken spenden!<\/p>\n<p>In unserem Container befanden sich 1200 kg, also 1,2 Tonnen, somit 150 \u20ac Einnahmen. Herr Tippe erkl\u00e4rte im Vorfeld: von mir bekommen sie 1000,00 \u20ac, egal was herauskommt, ich runde auf. Das tat er tats\u00e4chlich!<\/p>\n<p>Unseren Besucherinnen und Besuchern war es wichtig, neben den Kronkorken auch noch das Spendenherz zu f\u00fcllen. Dieser Inhalt und der Honigkuchenverkauf erbrachten noch einmal 237,50 \u20ac, die nat\u00fcrlich aufgerundet werden.<\/p>\n<p>Unsere heutige Spende betr\u00e4gt 1.240,00 \u20ac<\/p>\n<p>Auch heute gibt es wieder Spendendosen der B\u00e4ckereifililale St\u00fcbig im Caf\u00e9 am Fliegerhorst in Goslar. Seit Weihnachten wurden zwei Spendendosen gef\u00fcllt, die Frau Hildebrandt-Linne, Gesch\u00e4ftsf\u00fchrerin Elternhaus G\u00f6ttingen \u00fcbergeben werden.<\/p>\n<p>Das Elternhaus ist in den letzten Wochen fast st\u00e4ndig voll belegt. Da zurzeit mehrere Kinder ihre schwerste Zeit \u00fcberhaupt erleben m\u00fcssen, ist es f\u00fcr das Team ganz besonders wichtig, jeder Familie die pers\u00f6nlich richtige und wichtige Ansprache, Zuwendung und Hilfe zukommen zu lassen.<\/p>\n<p>Die Vollsanierung des Eingangsbereichs, der Spiel- und Wohnr\u00e4ume, sowie der G\u00e4stezimmer ist abgeschlossen. Nun steht die Sanierung des Behinderten-WCs im Eingangsbereich an. Auch hier zeigt sich die jahrzehntelange Verbundenheit und Hilfsbereitschaft ehemalig Betroffener und deren sozialen Umfelds. Ohne diese praktische Unterst\u00fctzung k\u00f6nnte manche Renovierung nicht so zeitnah erfolgen.<\/p>\n<p>Unsere heutige Spende hilft helfen. DANKE Ihnen allen!<\/p>\n<p>Der n\u00e4chste \u201eKronkorkensammeltermin\u201c ist am Samstag, dem 13.09.2025<\/p>\n<p>Karin Kolan Leiterin Aktionsteam f\u00fcr das Elternhaus G\u00f6ttingen<\/p>\n<p><a href=\"https:\/\/www.nordharz.net\/elternhilfewp\/wp-content\/uploads\/2025\/04\/web-028-20250315_161143_-e1744892697204.webp\"><img loading=\"lazy\" decoding=\"async\" class=\"aligncenter size-full wp-image-2033\" src=\"https:\/\/www.nordharz.net\/elternhilfewp\/wp-content\/uploads\/2025\/04\/web-028-20250315_161143_-e1744892697204.webp\" alt=\"\" width=\"563\" height=\"708\" srcset=\"https:\/\/www.nordharz.net\/elternhilfewp\/wp-content\/uploads\/2025\/04\/web-028-20250315_161143_-e1744892697204.webp 563w, https:\/\/www.nordharz.net\/elternhilfewp\/wp-content\/uploads\/2025\/04\/web-028-20250315_161143_-e1744892697204-239x300.webp 239w\" sizes=\"auto, (max-width: 563px) 100vw, 563px\" \/><\/a>[\/vc_column_text][\/vc_column][vc_column width=&#8220;1\/3&#8243;][vc_single_image image=&#8220;2031&#8243; img_size=&#8220;full&#8220; alignment=&#8220;center&#8220; style=&#8220;vc_box_border_circle&#8220; onclick=&#8220;link_image&#8220; css=&#8220;&#8220;][vc_single_image image=&#8220;2032&#8243; img_size=&#8220;full&#8220; alignment=&#8220;center&#8220; style=&#8220;vc_box_border_circle&#8220; onclick=&#8220;link_image&#8220; css=&#8220;&#8220;][vc_single_image image=&#8220;2030&#8243; img_size=&#8220;full&#8220; alignment=&#8220;center&#8220; style=&#8220;vc_box_border_circle&#8220; onclick=&#8220;link_image&#8220; css=&#8220;&#8220;][vc_single_image image=&#8220;2029&#8243; img_size=&#8220;full&#8220; alignment=&#8220;center&#8220; style=&#8220;vc_box_border_circle&#8220; onclick=&#8220;link_image&#8220; css=&#8220;&#8220;][vc_single_image image=&#8220;2026&#8243; img_size=&#8220;full&#8220; alignment=&#8220;center&#8220; style=&#8220;vc_box_border_circle&#8220; onclick=&#8220;link_image&#8220; css=&#8220;&#8220;][vc_single_image image=&#8220;2024&#8243; img_size=&#8220;full&#8220; alignment=&#8220;center&#8220; style=&#8220;vc_box_border_circle&#8220; onclick=&#8220;link_image&#8220; css=&#8220;&#8220;][\/vc_column][\/vc_row]\n<\/div>","protected":false},"excerpt":{"rendered":"<p>[vc_row][vc_column width=&#8220;2\/3&#8243;][vc_column_text css=&#8220;&#8220;]Das Aktionsteam f\u00fcr das Elternhaus G\u00f6ttingen aus Goslar engagiert sich seit 2006 f\u00fcr das Elternhaus in G\u00f6ttingen. Schon 2015 entstand die Idee, damals im real,- Goslar, Kronkorken zu sammeln. Diese Idee konnte seinerzeit nicht realisiert werden. Anders nun: Im letzten Jahr schlug Tobi Tippe bei meinem Spendendosenabholtermin in der B\u00e4ckerei St\u00fcbig, Caf\u00e9 am &hellip;<\/p>\n","protected":false},"author":1,"featured_media":2028,"comment_status":"closed","ping_status":"closed","sticky":false,"template":"","format":"standard","meta":{"footnotes":""},"categories":[6],"tags":[],"class_list":["post-1997","post","type-post","status-publish","format-standard","has-post-thumbnail","","category-spenden"],"_links":{"self":[{"href":"https:\/\/www.nordharz.net\/elternhilfewp\/wp-json\/wp\/v2\/posts\/1997","targetHints":{"allow":["GET"]}}],"collection":[{"href":"https:\/\/www.nordharz.net\/elternhilfewp\/wp-json\/wp\/v2\/posts"}],"about":[{"href":"https:\/\/www.nordharz.net\/elternhilfewp\/wp-json\/wp\/v2\/types\/post"}],"author":[{"embeddable":true,"href":"https:\/\/www.nordharz.net\/elternhilfewp\/wp-json\/wp\/v2\/users\/1"}],"replies":[{"embeddable":true,"href":"https:\/\/www.nordharz.net\/elternhilfewp\/wp-json\/wp\/v2\/comments?post=1997"}],"version-history":[{"count":9,"href":"https:\/\/www.nordharz.net\/elternhilfewp\/wp-json\/wp\/v2\/posts\/1997\/revisions"}],"predecessor-version":[{"id":2037,"href":"https:\/\/www.nordharz.net\/elternhilfewp\/wp-json\/wp\/v2\/posts\/1997\/revisions\/2037"}],"wp:featuredmedia":[{"embeddable":true,"href":"https:\/\/www.nordharz.net\/elternhilfewp\/wp-json\/wp\/v2\/media\/2028"}],"wp:attachment":[{"href":"https:\/\/www.nordharz.net\/elternhilfewp\/wp-json\/wp\/v2\/media?parent=1997"}],"wp:term":[{"taxonomy":"category","embeddable":true,"href":"https:\/\/www.nordharz.net\/elternhilfewp\/wp-json\/wp\/v2\/categories?post=1997"},{"taxonomy":"post_tag","embeddable":true,"href":"https:\/\/www.nordharz.net\/elternhilfewp\/wp-json\/wp\/v2\/tags?post=1997"}],"curies":[{"name":"wp","href":"https:\/\/api.w.org\/{rel}","templated":true}]}}